[{"@context":"https:\/\/schema.org\/","@type":"Article","@id":"https:\/\/www.abeso.cz\/zuby-v-nasich-ustech\/#Article","mainEntityOfPage":"https:\/\/www.abeso.cz\/zuby-v-nasich-ustech\/","headline":"Zuby v na\u0161ich \u00fastech","name":"Zuby v na\u0161ich \u00fastech","description":"Jak zn\u00e1mo, zuby se \u010dasem kaz\u00ed a je jedno zda o n\u011b pe\u010dujete nebo ne. Pokud ne, jen se zkaz\u00ed","datePublished":"2020-12-13","dateModified":"2023-05-05","author":{"@type":"Person","@id":"https:\/\/www.abeso.cz\/author\/#Person","name":"abeso.cz","url":"https:\/\/www.abeso.cz\/author\/","identifier":1,"image":{"@type":"ImageObject","@id":"https:\/\/secure.gravatar.com\/avatar\/32bc2d377216483c132a3bbf038b8838926e0616f1b3d0e9cb50d997f0b052ba?s=96&d=mm&r=g","url":"https:\/\/secure.gravatar.com\/avatar\/32bc2d377216483c132a3bbf038b8838926e0616f1b3d0e9cb50d997f0b052ba?s=96&d=mm&r=g","height":96,"width":96}},"publisher":{"@type":"Organization","name":"abeso.cz","logo":{"@type":"ImageObject","@id":"\/logo.png","url":"\/logo.png","width":600,"height":60}},"image":{"@type":"ImageObject","@id":"https:\/\/www.abeso.cz\/wp-content\/uploads\/model%20chrupu.jpg","url":"https:\/\/www.abeso.cz\/wp-content\/uploads\/model%20chrupu.jpg","height":0,"width":0},"url":"https:\/\/www.abeso.cz\/zuby-v-nasich-ustech\/","about":["Podnik\u00e1n\u00ed"],"wordCount":438,"articleBody":"         Jak zn\u00e1mo, zuby se \u010dasem kaz\u00ed a je jedno zda o n\u011b pe\u010dujete nebo ne. Pokud ne, jen se zkaz\u00ed o hodn\u011b d\u0159\u00edve, tak\u017ee ji\u017e ve t\u0159iceti m\u016f\u017ee \u010dlov\u011bk j\u00edst jen ka\u0161i\u010dky, proto\u017ee zuby mu d\u00e1vno utekly do nezn\u00e1ma. Nyn\u00ed tedy tento \u010dlov\u011bk p\u016fsob\u00ed dojmem starce a jen velmi t\u011b\u017eko a draze to p\u016fjde uv\u00e9st do lep\u0161\u00edho stavu. Ano, p\u0159i pou\u017eit\u00ed dne\u0161n\u00ed techniky lze v \u00fastech opravit t\u00e9m\u011b\u0159 cokoli, a m\u00e1te li dost pen\u011bz, jde to i bezbolestn\u011b a super kvalitn\u011b. Ka\u017ed\u00fd \u010dlov\u011bk by se m\u011bl o sv\u00e9 zuby starat a v\u011bt\u0161ina z n\u00e1s tak jist\u011b i \u010din\u00ed. Jen\u017ee \u010das je ne\u00faprosn\u00fd, a tak se stane, \u017ee je nutno vyhledat zubn\u00edho l\u00e9ka\u0159e a posl\u00e9ze i specialistu. Nyn\u00ed by to nem\u011bl b\u00fdt takov\u00fd probl\u00e9m. Nap\u0159\u00edklad zubn\u00ed l\u00e9ka\u0159i Liberec maj\u00ed sv\u00e9 vlastn\u00ed st\u0159edisko 2 K Dent estetick\u00e9 dent\u00e1ln\u00ed centrum a tam jsou sm\u011brov\u00e1ni skoro v\u0161ichni pacienti. Samoz\u0159ejm\u011b, \u017ee se zde m\u016f\u017eete objednat i vy a nechat si zde prov\u00e9st pot\u0159ebn\u00e9 z\u00e1kroky. Ty mohou b\u00fdt jednodu\u0161\u0161\u00edho charakteru, ale tak\u00e9 slo\u017eit\u011bj\u0161\u00edho, nebo toho \u00fapln\u011b nejslo\u017eit\u011bj\u0161\u00edho, kde je nutn\u00e1 p\u0159\u00edtomnost n\u011bkolika l\u00e9ka\u0159\u016f. V\u011bt\u0161inou v\u0161ak ne najednou, ale postupn\u011b. Tak tedy pacient proch\u00e1z\u00ed p\u0159\u00edpravou k n\u011b\u010demu slo\u017eit\u011bj\u0161\u00edmu. Zde si v\u00e1s vezmou do par\u00e1dy od za\u010d\u00e1tku a\u017e do konce. V\u0161e si hrad\u00edte sami, tak\u017ee n\u011bjak\u00e9 omezov\u00e1n\u00ed ze strany jak\u00e9koli zdravotn\u00ed poji\u0161\u0165ovny prost\u011b nehroz\u00ed. Od za\u010d\u00e1tku, tedy od vstupn\u00ed prohl\u00eddky na v\u00e1s bude dohl\u00ed\u017eeno, navrhov\u00e1na p\u00e9\u010de a mo\u017en\u00e9 zp\u016fsoby l\u00e9\u010dby. Se v\u0161\u00edm je pacient sezn\u00e1men, a proto\u017ee se tu hraje na rovinu, je tak\u00e9 upozorn\u011bn na mo\u017en\u00e1 rizika nebo komplikace. Na\u0161t\u011bst\u00ed jich zde neb\u00fdv\u00e1 hodn\u011b, tak\u017ee se s t\u00edm asi nesetk\u00e1te. Nu\u017ee, m\u00e1te-li jak\u00e9koli pot\u00ed\u017ee se sv\u00fdm chrupem, zavolejte si tam a objednejte se. Jist\u011b v\u00e1m zde vyjdou vst\u0159\u00edc v pln\u00e9 m\u00ed\u0159e. A za n\u011bjak\u00fd \u010das se budete moci usm\u00edvat hezk\u00fdm \u00fasm\u011bvem s n\u00e1dhern\u00fdm chrupem, kter\u00fd v\u00e1m bude z\u00e1vid\u011bt kde kdo. Prost\u011b, budete m\u00edt zoubky jako perli\u010dky. A kdo by to necht\u011bl, \u017ee ano.                                                                                                                                                                                                                                                                                                                                                                                                   "},{"@context":"https:\/\/schema.org\/","@type":"BreadcrumbList","itemListElement":[{"@type":"ListItem","position":1,"name":"Zuby v na\u0161ich \u00fastech","item":"https:\/\/www.abeso.cz\/zuby-v-nasich-ustech\/#breadcrumbitem"}]}]