[{"@context":"https:\/\/schema.org\/","@type":"Article","@id":"https:\/\/www.abeso.cz\/tazne-zarizeni-ford-focus-combi-pro-pripojeni-karavanu-a-privesneho-voziku\/#Article","mainEntityOfPage":"https:\/\/www.abeso.cz\/tazne-zarizeni-ford-focus-combi-pro-pripojeni-karavanu-a-privesneho-voziku\/","headline":"Ta\u017en\u00e9 za\u0159\u00edzen\u00ed Ford Focus combi pro p\u0159ipojen\u00ed karavanu a p\u0159\u00edv\u011bsn\u00e9ho voz\u00edku","name":"Ta\u017en\u00e9 za\u0159\u00edzen\u00ed Ford Focus combi pro p\u0159ipojen\u00ed karavanu a p\u0159\u00edv\u011bsn\u00e9ho voz\u00edku","description":"D\u00e1rky k v\u00e1noc\u016fm a k narozenin\u00e1m jsou p\u0159edm\u011btem mnoha diskus\u00ed a dokonce i t\u00e9matem pro vytv\u00e1\u0159en\u00ed r\u016fzn\u00fdch datab\u00e1z\u00ed vhodn\u00fdch \u010di","datePublished":"2020-09-15","dateModified":"2023-05-05","author":{"@type":"Person","@id":"https:\/\/www.abeso.cz\/author\/#Person","name":"abeso.cz","url":"https:\/\/www.abeso.cz\/author\/","identifier":1,"image":{"@type":"ImageObject","@id":"https:\/\/secure.gravatar.com\/avatar\/32bc2d377216483c132a3bbf038b8838926e0616f1b3d0e9cb50d997f0b052ba?s=96&d=mm&r=g","url":"https:\/\/secure.gravatar.com\/avatar\/32bc2d377216483c132a3bbf038b8838926e0616f1b3d0e9cb50d997f0b052ba?s=96&d=mm&r=g","height":96,"width":96}},"publisher":{"@type":"Organization","name":"abeso.cz","logo":{"@type":"ImageObject","@id":"\/logo.png","url":"\/logo.png","width":600,"height":60}},"image":{"@type":"ImageObject","@id":"https:\/\/www.abeso.cz\/wp-content\/uploads\/Ford%20Focus%20combi.jpg","url":"https:\/\/www.abeso.cz\/wp-content\/uploads\/Ford%20Focus%20combi.jpg","height":0,"width":0},"url":"https:\/\/www.abeso.cz\/tazne-zarizeni-ford-focus-combi-pro-pripojeni-karavanu-a-privesneho-voziku\/","about":["Produkty"],"wordCount":514,"articleBody":"        D\u00e1rky k v\u00e1noc\u016fm a k narozenin\u00e1m jsou p\u0159edm\u011btem mnoha diskus\u00ed a dokonce i t\u00e9matem pro vytv\u00e1\u0159en\u00ed r\u016fzn\u00fdch datab\u00e1z\u00ed vhodn\u00fdch \u010di nevhodn\u00fdch p\u0159edm\u011bt\u016f a z\u00e1\u017eitk\u016f. V\u011bt\u0161inou jde o n\u011bjakou p\u00e1nskou kosmetiku, holic\u00ed pot\u0159eby, oble\u010den\u00ed \u010di obuv, anebo adrenalinov\u00e9 pro\u017eitky ve sportovn\u00edm voze, v obrn\u011bn\u00e9m transport\u00e9ru, nebo na divok\u00e9 vod\u011b.M\u00e1me pro v\u00e1s jeden docela nen\u00e1padn\u00fd, ale jist\u011b prosp\u011b\u0161n\u00fd tip: Z\u00e1v\u011bsn\u00e9 za\u0159\u00edzen\u00ed &#8211; neboli koule za autem.Tip na d\u00e1rek k narozenin\u00e1mN\u00e1pad namontovat ta\u017en\u00e9 za\u0159\u00edzen\u00ed Ford Focus combi m\u016f\u017ee p\u0159ekvapit nejednoho man\u017eela, partnera, p\u0159\u00edtele, bratra, otce, \u0161vagra i kamar\u00e1da. A pro\u010d? D\u016fvod\u016f je cel\u00e1 \u0159ada:Je to nej\u0161ikovn\u011bj\u0161\u00ed p\u0159\u00edslu\u0161enstv\u00ed, jak\u00e9 si majitel\u00e9 vozidel po\u0159izuj\u00ed. Pochopiteln\u011b homologovan\u00e9 a se v\u0161emi n\u00e1le\u017eitostmi v\u010detn\u011b STK a technick\u00e9ho pr\u016fkazu.Pevn\u00e9 je \u010dast\u011bj\u0161\u00ed \u2013 t\u011bch je v\u011bt\u0161ina, a pokud vylo\u017een\u011b netrv\u00e1te na odn\u00edmateln\u00e9m, kter\u00e9 by n\u011bjak hyzdilo atraktivitu va\u0161eho vozu, dejte pevn\u00e9mu p\u0159ednost. Nemus\u00edte po\u0159\u00e1d myslet na to, zda jste jej odmontovali, kdy\u017e jej zrovna nevyu\u017e\u00edv\u00e1te.P\u0159\u00edv\u011bsn\u00fd voz\u00edk \u2013 ten nepot\u0159ebujete vlastnit a u\u017e v\u016fbec ne pro n\u011bj sh\u00e1n\u011bt p\u0159\u00edst\u0159e\u0161ek, gar\u00e1\u017e, nebo podobnou odstavnou plochu. Voz\u00edky se daj\u00ed pronajmout, a tak pokud zrovna pot\u0159ebujete p\u0159iv\u00e9zt p\u00edsek, cihly, zahradn\u00ed zeminu, odv\u00e9zt star\u00fd n\u00e1bytek, p\u0159est\u011bhovat n\u011bjak\u00e9 v\u011bci na chalupu, vyklidit sklep \u2013 sta\u010d\u00ed zajistit na p\u00e1r hodin \u010di dn\u016f p\u0159\u00edv\u011bs a m\u00e1te po starostech. Nepla\u0165te zbyte\u010dn\u011b za st\u011bhov\u00e1ky a p\u0159epravn\u00ed firmy, kdy\u017e to nen\u00ed nutn\u00e9.Karavany, p\u0159eprava kon\u00ed a dr\u017e\u00e1ky kol \u2013 pochopiteln\u011b, \u017ee lze za \u201ekouli\u201c zap\u0159\u00e1hnout i jin\u00e1 vozidla, jako jsou obytn\u00e9 karavany, soupravy pro p\u0159ev\u00e1\u017een\u00ed zv\u00ed\u0159at (hlavn\u011b kon\u00ed), ov\u0161em tito lid\u00e9 v\u011bt\u0161inou pl\u00e1nuj\u00ed po\u0159\u00edzen\u00ed z\u00e1v\u011bsn\u00e9ho za\u0159\u00edzen\u00ed sou\u010dasn\u011b s po\u0159\u00edzen\u00edm vozidla. Bez n\u011bj se zkr\u00e1tka neobejdou a st\u011b\u017e\u00ed je k narozenin\u00e1m p\u0159ekvap\u00edte, ale p\u0159ekvapen\u00edm m\u016f\u017ee b\u00fdt i dal\u0161\u00ed d\u00e1rek \u2013 nosi\u010d j\u00edzdn\u00edch kol.Nosi\u010de kol se na \u201ekouli za autem\u201c osv\u011bd\u010dily ji\u017e p\u0159ed mnoha lety a dnes jsou nejobl\u00edben\u011bj\u0161\u00edm typem p\u0159\u00edslu\u0161enstv\u00ed pro p\u0159epravu bicykl\u016f. Nen\u00ed s nimi tolik pr\u00e1ce, kola zvl\u00e1dne nasadit do dr\u017e\u00e1ku i \u201en\u011b\u017en\u00e9 stvo\u0159en\u00ed\u201c. J\u00edzda s n\u00edm je bez probl\u00e9m\u016f, na rozd\u00edl od kol um\u00edst\u011bn\u00fdch na st\u0159e\u0161e, kdy na n\u011b nevid\u00edte, m\u016f\u017ee s v\u00e1mi cloumat bo\u010dn\u00ed v\u00edtr a m\u016f\u017eete m\u00edt probl\u00e9m s vy\u0161\u0161\u00ed spot\u0159ebou nebo pr\u016fjezdem pod n\u011bkter\u00fdmi l\u00e1vkami a mosty.                                                                                                                                                                                                                                                                                                                                                                                          4.1\/5 - (9 votes)        "},{"@context":"https:\/\/schema.org\/","@type":"BreadcrumbList","itemListElement":[{"@type":"ListItem","position":1,"name":"Ta\u017en\u00e9 za\u0159\u00edzen\u00ed Ford Focus combi pro p\u0159ipojen\u00ed karavanu a p\u0159\u00edv\u011bsn\u00e9ho voz\u00edku","item":"https:\/\/www.abeso.cz\/tazne-zarizeni-ford-focus-combi-pro-pripojeni-karavanu-a-privesneho-voziku\/#breadcrumbitem"}]}]