[{"@context":"https:\/\/schema.org\/","@type":"Article","@id":"https:\/\/www.abeso.cz\/seat-cordoba-druhe-generace-stale-patri-k-vyhledavanym-ojetym-vozum\/#Article","mainEntityOfPage":"https:\/\/www.abeso.cz\/seat-cordoba-druhe-generace-stale-patri-k-vyhledavanym-ojetym-vozum\/","headline":"Seat Cordoba druh\u00e9 generace st\u00e1le pat\u0159\u00ed k vyhled\u00e1van\u00fdm ojet\u00fdm voz\u016fm","name":"Seat Cordoba druh\u00e9 generace st\u00e1le pat\u0159\u00ed k vyhled\u00e1van\u00fdm ojet\u00fdm voz\u016fm","description":"Model Cordoba vznikl \u00fapravou p\u016fvodn\u00edho \u0161pan\u011blsk\u00e9ho hatchbacku s&nbsp;n\u00e1zvem Ibiza. V&nbsp;podstat\u011b byl postaven na stejn\u00e9 podvozkov\u00e9 \u0159ad\u011b se shodn\u00fdmi technick\u00fdmi prvky.","datePublished":"2023-05-05","dateModified":"2023-05-05","author":{"@type":"Person","@id":"https:\/\/www.abeso.cz\/author\/#Person","name":"abeso.cz","url":"https:\/\/www.abeso.cz\/author\/","identifier":1,"image":{"@type":"ImageObject","@id":"https:\/\/secure.gravatar.com\/avatar\/32bc2d377216483c132a3bbf038b8838926e0616f1b3d0e9cb50d997f0b052ba?s=96&d=mm&r=g","url":"https:\/\/secure.gravatar.com\/avatar\/32bc2d377216483c132a3bbf038b8838926e0616f1b3d0e9cb50d997f0b052ba?s=96&d=mm&r=g","height":96,"width":96}},"publisher":{"@type":"Organization","name":"abeso.cz","logo":{"@type":"ImageObject","@id":"\/logo.png","url":"\/logo.png","width":600,"height":60}},"image":{"@type":"ImageObject","@id":"https:\/\/www.abeso.cz\/wp-content\/uploads\/img_a307037_w2451_t1518355390.jpg","url":"https:\/\/www.abeso.cz\/wp-content\/uploads\/img_a307037_w2451_t1518355390.jpg","height":0,"width":0},"url":"https:\/\/www.abeso.cz\/seat-cordoba-druhe-generace-stale-patri-k-vyhledavanym-ojetym-vozum\/","about":["Auto moto"],"wordCount":418,"articleBody":"Model Cordoba vznikl \u00fapravou p\u016fvodn\u00edho \u0161pan\u011blsk\u00e9ho hatchbacku s&nbsp;n\u00e1zvem Ibiza. V&nbsp;podstat\u011b byl postaven na stejn\u00e9 podvozkov\u00e9 \u0159ad\u011b se shodn\u00fdmi technick\u00fdmi prvky. Nav\u00edc je tu jen prostorn\u00fd kufr, co\u017e ocen\u00ed nap\u0159\u00edklad \u0159idi\u010di v&nbsp;Ma\u010farsku, kde jsou sedany obl\u00edben\u00e9 mnohem v\u00edc, ne\u017e v&nbsp;\u010cesk\u00e9 republice.V\u00fdhodou t\u00e9to ojetiny je dobr\u00e1 dostupnost n\u00e1hradn\u00edch d\u00edl\u016f, vypl\u00fdv\u00e1 to ze skute\u010dnosti, \u017ee je Cordoba vyv\u00edjena z&nbsp;p\u016fvodn\u00ed Ibizy, tedy z&nbsp;modelu t\u0159et\u00ed generace z&nbsp;roku 2002, kdy ji\u017e \u0161pan\u011blsk\u00e1 automobilka Seat byla sou\u010d\u00e1st\u00ed Volkswagenu. Ve\u0161ker\u00e9 n\u00e1hradn\u00ed komponenty jsou cenov\u011b velmi p\u0159ijateln\u00e9, jak z&nbsp;druhov\u00fdroby, tak i origin\u00e1ln\u00ed d\u00edly.\tPlastov\u00e9 d\u00edlce &ndash; \u017e\u00e1dn\u00e1 sl\u00e1vaN\u011bkter\u00e9 plastov\u00e9 d\u00edly v&nbsp;kabin\u011b jsou vyrobeny z&nbsp;tvrd\u00e9ho plastu, kter\u00fd se snadno po\u0161kr\u00e1be, nap\u0159\u00edklad madla dve\u0159\u00ed a kryt p\u0159\u00edstrojov\u00e9 desky v\u010detn\u011b v\u00fdstup\u016f ventilace a\u017e ke st\u0159edu palubn\u00ed desky. Naopak velk\u00fdm plus je u tohoto men\u0161\u00edho sedanu dostatek prostoru na p\u0159edn\u00edch sedadlech. Zadn\u00ed sedadla jsou na tom o pozn\u00e1n\u00ed h\u016f\u0159, dva dosp\u011bl\u00ed lid\u00e9 se tu posad\u00ed pohodln\u011b, ale ve t\u0159ech lidech vzadu je to ji\u017e o vz\u00e1jemn\u00fdch strkanic\u00edch v&nbsp;oblasti ramen. A vy\u0161\u0161\u00ed pasa\u017e\u00e9r tu bude m\u00edt probl\u00e9m s&nbsp;koleny.Zavazadlov\u00fd prostor o objemu 485 litr\u016f je dostate\u010dn\u00fd a srovn\u00e1me-li jej s&nbsp;objemem u komb\u00edku Peugeot 206 SW, kde je jen 313 litr\u016f, v\u00fdsledek je a\u017e p\u0159ekvapiv\u011b dobr\u00fd.\tModel 1.9 TDIZat\u00edmco byste se m\u011bli vyh\u00fdbat nevyda\u0159en\u00e9mu 1.2 HTP, s\u00e1hn\u011bte po modelu 1.9 TDI. Jeho j\u00edzdn\u00ed vlastnosti jsou sice ve sv\u00e9 t\u0159\u00edd\u011b pr\u016fm\u011brn\u00e9, ale st\u00e1le na dobr\u00e9 \u00farovni. Podvozek trochu h\u016f\u0159 zvl\u00e1d\u00e1 nerovnosti silnice, ale po\u0159\u00e1d je pom\u011brn\u011b stabiln\u00ed. P\u016fsob\u00ed v\u0161ak pon\u011bkud tvrd\u011b. J\u00edzdn\u00ed vlastnosti a ovl\u00e1d\u00e1n\u00ed vozu jsou standardn\u00ed, \u0159idi\u010de nic v\u00fdjime\u010dn\u00e9ho nep\u0159ekvap\u00ed, ale z\u00e1rove\u0148 si nebude p\u0159ipadat jako v&nbsp;lacin\u00e9m voz\u00edtku. Ur\u010dit\u00e9 pot\u00ed\u017ee v\u0161ak p\u0159ich\u00e1z\u00ed u slab\u0161\u00edch motorizac\u00ed, to se t\u00fdk\u00e1 hlavn\u011b t\u0159\u00edv\u00e1lcov\u00fdch motor\u016f 1,2 litru a v\u00fdkonu 47 a 51 kW. Tr\u00e1p\u00ed je nadm\u011brn\u00e1 spot\u0159eba a siln\u00e9 vibrace p\u0159i rychlostech vy\u0161\u0161\u00edch ne\u017e 80 km\/h.                                                                                                                                                                                                                                                                                                                                                                                        4\/5 - (10 votes)        "},{"@context":"https:\/\/schema.org\/","@type":"BreadcrumbList","itemListElement":[{"@type":"ListItem","position":1,"name":"Seat Cordoba druh\u00e9 generace st\u00e1le pat\u0159\u00ed k vyhled\u00e1van\u00fdm ojet\u00fdm voz\u016fm","item":"https:\/\/www.abeso.cz\/seat-cordoba-druhe-generace-stale-patri-k-vyhledavanym-ojetym-vozum\/#breadcrumbitem"}]}]