[{"@context":"https:\/\/schema.org\/","@type":"Article","@id":"https:\/\/www.abeso.cz\/prosvetlete-si-svuj-domov\/#Article","mainEntityOfPage":"https:\/\/www.abeso.cz\/prosvetlete-si-svuj-domov\/","headline":"Prosv\u011btlete si sv\u016fj domov","name":"Prosv\u011btlete si sv\u016fj domov","description":"Nedostatek sv\u011btla m\u00e1 negativn\u00ed vliv na na\u0161i psychiku. C\u00edt\u00edme se podr\u00e1\u017ed\u011bn\u00ed, unaven\u00ed a snaha n\u011bco ud\u011blat, vyrobit \u010di prozkoumat je","datePublished":"2024-11-24","dateModified":"2024-11-24","author":{"@type":"Person","@id":"https:\/\/www.abeso.cz\/author\/#Person","name":"abeso.cz","url":"https:\/\/www.abeso.cz\/author\/","identifier":1,"image":{"@type":"ImageObject","@id":"https:\/\/secure.gravatar.com\/avatar\/32bc2d377216483c132a3bbf038b8838926e0616f1b3d0e9cb50d997f0b052ba?s=96&d=mm&r=g","url":"https:\/\/secure.gravatar.com\/avatar\/32bc2d377216483c132a3bbf038b8838926e0616f1b3d0e9cb50d997f0b052ba?s=96&d=mm&r=g","height":96,"width":96}},"publisher":{"@type":"Organization","name":"abeso.cz","logo":{"@type":"ImageObject","@id":"\/logo.png","url":"\/logo.png","width":600,"height":60}},"url":"https:\/\/www.abeso.cz\/prosvetlete-si-svuj-domov\/","wordCount":239,"articleBody":"\tNedostatek sv\u011btla m\u00e1 negativn\u00ed vliv na na\u0161i psychiku. C\u00edt\u00edme se podr\u00e1\u017ed\u011bn\u00ed, unaven\u00ed a snaha n\u011bco ud\u011blat, vyrobit \u010di prozkoumat je naprosto k\u00a0ni\u010demu. Sv\u011btlo je sou\u010d\u00e1st\u00ed na\u0161eho \u017eivota. T\u00edm nejp\u0159irozen\u011bj\u0161\u00edm je sv\u011btlo denn\u00ed. Jak to ale ud\u011blat tam, kde se denn\u00ed sv\u011btlo nedostane nebo je ho nedostatek. Denn\u00ed sv\u011btlo mus\u00edte nahradit sv\u011btlem um\u011bl\u00fdm, kter\u00e9 m\u016f\u017ee b\u00fdt v\u00a0r\u016fzn\u00fdch barevn\u00fdch odst\u00ednech. Abyste si sv\u016fj domov prosv\u011btlili tak, \u017ee se v\u00a0n\u011bm budete c\u00edtit pohodov\u011b a \u00fatuln\u011b, mus\u00edte si vybrat ten spr\u00e1vn\u00fd typ osv\u011btlen\u00ed. Pro ka\u017edou \u010dinnost v\u00a0dom\u00e1cnosti je vhodn\u00fd jin\u00fd typ osv\u011btlen\u00ed. A nezapome\u0148te, \u017ee se spr\u00e1vn\u011b zvolen\u00fdm zdrojem sv\u011btla m\u016f\u017eete u\u0161et\u0159it nemalou finan\u010dn\u00ed \u010d\u00e1stku za elekt\u0159inu.\tSn\u00ed\u017e\u00ed v\u00e1m v\u00fddaje za energiiSv\u011bteln\u00e9 zdroje sv\u011btla jsou r\u016fzn\u00e9. Pokud uva\u017eujte nad v\u00fdb\u011brem vhodn\u00e9ho osv\u011btlen\u00ed do sv\u00e9 dom\u00e1cnosti, m\u011bli byste myslet i na \u00fasporu energie. V dne\u0161n\u00ed dob\u011b v\u00e1m u\u0161et\u0159\u00ed spoustu pen\u011bz levn\u00e9 led \u017e\u00e1rovky, kter\u00e9 maj\u00ed mnohem men\u0161\u00ed spot\u0159ebu energie ne\u017e ty p\u016fvodn\u00ed klasick\u00e9 a daj\u00ed se pou\u017e\u00edt do v\u0161ech sv\u00edtidel, kter\u00e9 se v dom\u00e1cnosti pou\u017e\u00edvaj\u00ed.                                                                                                                                                                                                                                                                                                                                                                                        4\/5 - (2 votes)        "},{"@context":"https:\/\/schema.org\/","@type":"BreadcrumbList","itemListElement":[{"@type":"ListItem","position":1,"name":"Prosv\u011btlete si sv\u016fj domov","item":"https:\/\/www.abeso.cz\/prosvetlete-si-svuj-domov\/#breadcrumbitem"}]}]