{"@context":"https:\/\/schema.org\/","@type":"CollectionPage","@id":"https:\/\/www.abeso.cz\/muzi\/#CollectionPage","headline":"Mu\u017ei Category","description":"","url":"https:\/\/www.abeso.cz\/muzi\/","hasPart":[{"@type":"Article","@id":"https:\/\/www.abeso.cz\/kteri-muzi-stoji-za-hrich\/","headline":"Kte\u0159\u00ed mu\u017ei stoj\u00ed za h\u0159\u00edch?","url":"https:\/\/www.abeso.cz\/kteri-muzi-stoji-za-hrich\/","datePublished":"2023-05-05","dateModified":"2023-05-05","mainEntityOfPage":"https:\/\/www.abeso.cz\/kteri-muzi-stoji-za-hrich\/","author":{"@type":"Person","@id":"https:\/\/www.abeso.cz\/author\/#Person","name":"abeso.cz","url":"https:\/\/www.abeso.cz\/author\/","identifier":1,"image":{"@type":"ImageObject","@id":"https:\/\/secure.gravatar.com\/avatar\/32bc2d377216483c132a3bbf038b8838926e0616f1b3d0e9cb50d997f0b052ba?s=96&d=mm&r=g","url":"https:\/\/secure.gravatar.com\/avatar\/32bc2d377216483c132a3bbf038b8838926e0616f1b3d0e9cb50d997f0b052ba?s=96&d=mm&r=g","height":96,"width":96}},"publisher":{"@type":"Organization","name":"abeso.cz","logo":{"@type":"ImageObject","@id":"\/logo.png","url":"\/logo.png","width":600,"height":60}},"image":{"@type":"ImageObject","@id":"https:\/\/www.abeso.cz\/wp-content\/uploads\/img_a338059_w2451_t1550856155.jpg","url":"https:\/\/www.abeso.cz\/wp-content\/uploads\/img_a338059_w2451_t1550856155.jpg","height":0,"width":0},"keywords":null},{"@type":"Article","@id":"https:\/\/www.abeso.cz\/5-nutnosti-bez-kterych-se-muz-neobejde\/","headline":"5 nutnost\u00ed, bez kter\u00fdch se mu\u017e neobejde","url":"https:\/\/www.abeso.cz\/5-nutnosti-bez-kterych-se-muz-neobejde\/","datePublished":"2023-05-05","dateModified":"2023-05-05","mainEntityOfPage":"https:\/\/www.abeso.cz\/5-nutnosti-bez-kterych-se-muz-neobejde\/","author":{"@type":"Person","@id":"https:\/\/www.abeso.cz\/author\/#Person","name":"abeso.cz","url":"https:\/\/www.abeso.cz\/author\/","identifier":1,"image":{"@type":"ImageObject","@id":"https:\/\/secure.gravatar.com\/avatar\/32bc2d377216483c132a3bbf038b8838926e0616f1b3d0e9cb50d997f0b052ba?s=96&d=mm&r=g","url":"https:\/\/secure.gravatar.com\/avatar\/32bc2d377216483c132a3bbf038b8838926e0616f1b3d0e9cb50d997f0b052ba?s=96&d=mm&r=g","height":96,"width":96}},"publisher":{"@type":"Organization","name":"abeso.cz","logo":{"@type":"ImageObject","@id":"\/logo.png","url":"\/logo.png","width":600,"height":60}},"image":{"@type":"ImageObject","@id":"https:\/\/www.abeso.cz\/wp-content\/uploads\/img_a307653_w2451_t1518903302.png","url":"https:\/\/www.abeso.cz\/wp-content\/uploads\/img_a307653_w2451_t1518903302.png","height":0,"width":0},"keywords":null},{"@type":"Article","@id":"https:\/\/www.abeso.cz\/muzi-a-oslavy-narozenin\/","headline":"Mu\u017ei a oslavy narozenin","url":"https:\/\/www.abeso.cz\/muzi-a-oslavy-narozenin\/","datePublished":"2022-05-23","dateModified":"2022-05-23","mainEntityOfPage":"https:\/\/www.abeso.cz\/muzi-a-oslavy-narozenin\/","author":{"@type":"Person","@id":"https:\/\/www.abeso.cz\/author\/#Person","name":"abeso.cz","url":"https:\/\/www.abeso.cz\/author\/","identifier":1,"image":{"@type":"ImageObject","@id":"https:\/\/secure.gravatar.com\/avatar\/32bc2d377216483c132a3bbf038b8838926e0616f1b3d0e9cb50d997f0b052ba?s=96&d=mm&r=g","url":"https:\/\/secure.gravatar.com\/avatar\/32bc2d377216483c132a3bbf038b8838926e0616f1b3d0e9cb50d997f0b052ba?s=96&d=mm&r=g","height":96,"width":96}},"publisher":{"@type":"Organization","name":"abeso.cz","logo":{"@type":"ImageObject","@id":"\/logo.png","url":"\/logo.png","width":600,"height":60}},"image":{"@type":"ImageObject","@id":"https:\/\/www.abeso.cz\/wp-content\/uploads\/oslava%20narozenin.JPG","url":"https:\/\/www.abeso.cz\/wp-content\/uploads\/oslava%20narozenin.JPG","height":0,"width":0},"keywords":null},{"@type":"Article","@id":"https:\/\/www.abeso.cz\/ze-sveta-rybarskych-kuriozit\/","headline":"Ze sv\u011bta ryb\u00e1\u0159sk\u00fdch kuriozit","url":"https:\/\/www.abeso.cz\/ze-sveta-rybarskych-kuriozit\/","datePublished":"2019-01-24","dateModified":"2023-05-05","mainEntityOfPage":"https:\/\/www.abeso.cz\/ze-sveta-rybarskych-kuriozit\/","author":{"@type":"Person","@id":"https:\/\/www.abeso.cz\/author\/#Person","name":"abeso.cz","url":"https:\/\/www.abeso.cz\/author\/","identifier":1,"image":{"@type":"ImageObject","@id":"https:\/\/secure.gravatar.com\/avatar\/32bc2d377216483c132a3bbf038b8838926e0616f1b3d0e9cb50d997f0b052ba?s=96&d=mm&r=g","url":"https:\/\/secure.gravatar.com\/avatar\/32bc2d377216483c132a3bbf038b8838926e0616f1b3d0e9cb50d997f0b052ba?s=96&d=mm&r=g","height":96,"width":96}},"publisher":{"@type":"Organization","name":"abeso.cz","logo":{"@type":"ImageObject","@id":"\/logo.png","url":"\/logo.png","width":600,"height":60}},"image":{"@type":"ImageObject","@id":"https:\/\/www.abeso.cz\/wp-content\/uploads\/img_a334782_w2451_t1548328277.jpg","url":"https:\/\/www.abeso.cz\/wp-content\/uploads\/img_a334782_w2451_t1548328277.jpg","height":0,"width":0},"keywords":null},{"@type":"Article","@id":"https:\/\/www.abeso.cz\/zenskemu-oku-neunikne-nic\/","headline":"\u017densk\u00e9mu oku neunikne nic!","url":"https:\/\/www.abeso.cz\/zenskemu-oku-neunikne-nic\/","datePublished":"2018-08-25","dateModified":"2023-05-05","mainEntityOfPage":"https:\/\/www.abeso.cz\/zenskemu-oku-neunikne-nic\/","author":{"@type":"Person","@id":"https:\/\/www.abeso.cz\/author\/#Person","name":"abeso.cz","url":"https:\/\/www.abeso.cz\/author\/","identifier":1,"image":{"@type":"ImageObject","@id":"https:\/\/secure.gravatar.com\/avatar\/32bc2d377216483c132a3bbf038b8838926e0616f1b3d0e9cb50d997f0b052ba?s=96&d=mm&r=g","url":"https:\/\/secure.gravatar.com\/avatar\/32bc2d377216483c132a3bbf038b8838926e0616f1b3d0e9cb50d997f0b052ba?s=96&d=mm&r=g","height":96,"width":96}},"publisher":{"@type":"Organization","name":"abeso.cz","logo":{"@type":"ImageObject","@id":"\/logo.png","url":"\/logo.png","width":600,"height":60}},"image":{"@type":"ImageObject","@id":"https:\/\/www.abeso.cz\/wp-content\/uploads\/img_a322363_w2451_t1533977648.jpg","url":"https:\/\/www.abeso.cz\/wp-content\/uploads\/img_a322363_w2451_t1533977648.jpg","height":0,"width":0},"keywords":null},{"@type":"Article","@id":"https:\/\/www.abeso.cz\/motylek-se-znovu-stava-modnim-trendem\/","headline":"Mot\u00fdlek se znovu st\u00e1v\u00e1 m\u00f3dn\u00edm trendem","url":"https:\/\/www.abeso.cz\/motylek-se-znovu-stava-modnim-trendem\/","datePublished":"2018-03-02","dateModified":"2023-05-05","mainEntityOfPage":"https:\/\/www.abeso.cz\/motylek-se-znovu-stava-modnim-trendem\/","author":{"@type":"Person","@id":"https:\/\/www.abeso.cz\/author\/#Person","name":"abeso.cz","url":"https:\/\/www.abeso.cz\/author\/","identifier":1,"image":{"@type":"ImageObject","@id":"https:\/\/secure.gravatar.com\/avatar\/32bc2d377216483c132a3bbf038b8838926e0616f1b3d0e9cb50d997f0b052ba?s=96&d=mm&r=g","url":"https:\/\/secure.gravatar.com\/avatar\/32bc2d377216483c132a3bbf038b8838926e0616f1b3d0e9cb50d997f0b052ba?s=96&d=mm&r=g","height":96,"width":96}},"publisher":{"@type":"Organization","name":"abeso.cz","logo":{"@type":"ImageObject","@id":"\/logo.png","url":"\/logo.png","width":600,"height":60}},"image":{"@type":"ImageObject","@id":"https:\/\/www.abeso.cz\/wp-content\/uploads\/img_a314426_w2415_t1525289024.jpg","url":"https:\/\/www.abeso.cz\/wp-content\/uploads\/img_a314426_w2415_t1525289024.jpg","height":0,"width":0},"keywords":null}]}