[{"@context":"https:\/\/schema.org\/","@type":"Article","@id":"https:\/\/www.abeso.cz\/muzi-a-oslavy-narozenin\/#Article","mainEntityOfPage":"https:\/\/www.abeso.cz\/muzi-a-oslavy-narozenin\/","headline":"Mu\u017ei a oslavy narozenin","name":"Mu\u017ei a oslavy narozenin","description":"N\u011bkte\u0159\u00ed mu\u017ei maj\u00ed velice r\u00e1di, kdy\u017e mohou slavit sv\u00e9 narozeniny nebo kdy\u017e mohou j\u00edt na n\u011bjak\u00e9 oslavy narozenin. Rozhodn\u011b se","datePublished":"2022-05-23","dateModified":"2022-05-23","author":{"@type":"Person","@id":"https:\/\/www.abeso.cz\/author\/#Person","name":"abeso.cz","url":"https:\/\/www.abeso.cz\/author\/","identifier":1,"image":{"@type":"ImageObject","@id":"https:\/\/secure.gravatar.com\/avatar\/32bc2d377216483c132a3bbf038b8838926e0616f1b3d0e9cb50d997f0b052ba?s=96&d=mm&r=g","url":"https:\/\/secure.gravatar.com\/avatar\/32bc2d377216483c132a3bbf038b8838926e0616f1b3d0e9cb50d997f0b052ba?s=96&d=mm&r=g","height":96,"width":96}},"publisher":{"@type":"Organization","name":"abeso.cz","logo":{"@type":"ImageObject","@id":"\/logo.png","url":"\/logo.png","width":600,"height":60}},"image":{"@type":"ImageObject","@id":"https:\/\/www.abeso.cz\/wp-content\/uploads\/oslava%20narozenin.JPG","url":"https:\/\/www.abeso.cz\/wp-content\/uploads\/oslava%20narozenin.JPG","height":0,"width":0},"url":"https:\/\/www.abeso.cz\/muzi-a-oslavy-narozenin\/","about":["Mu\u017ei"],"wordCount":454,"articleBody":"N\u011bkte\u0159\u00ed mu\u017ei maj\u00ed velice r\u00e1di, kdy\u017e mohou slavit sv\u00e9 narozeniny nebo kdy\u017e mohou j\u00edt na n\u011bjak\u00e9 oslavy narozenin. Rozhodn\u011b se ale najdou i tac\u00ed, kte\u0159\u00ed oslav\u00e1m p\u0159\u00edli\u0161 nedaj\u00ed. Je to hodn\u011b o tom, jestli m\u00e1 \u010dlov\u011bk n\u011bjak\u00e9 kamar\u00e1dy a kolik takov\u00fdch kamar\u00e1d\u016f m\u00e1.\u00a0Skute\u010dn\u011b jsou mu\u017ei, kte\u0159\u00ed maj\u00ed maxim\u00e1ln\u011b jednoho nebo dva kamar\u00e1dy a \u00fapln\u011b jim to sta\u010d\u00ed. Jejich \u017eivot je jen o tom, \u017ee chod\u00ed do pr\u00e1ce a z\u00a0pr\u00e1ce dom\u016f a s\u00a0n\u011bjak\u00fdm kamar\u00e1dem jednou za m\u011bs\u00edc nebo za dva n\u011bkam zajdou.\u00a0N\u011bco takov\u00e9ho m\u016f\u017ee n\u011bkter\u00fdm p\u0159ij\u00edt smutn\u00e9 a to zejm\u00e9na t\u011bm, kte\u0159\u00ed si nedok\u00e1\u017e\u00ed p\u0159edstavit, \u017ee by sv\u00e9ho kamar\u00e1da nevid\u011bli alespo\u0148 jednou t\u00fddn\u011b.Lid\u00e9 jsou r\u016fzn\u00ed a je to d\u00e1no zejm\u00e9na t\u00edm, jak byl dan\u00fd mu\u017e vychov\u00e1v\u00e1n. Pokud musel od r\u00e1na do ve\u010dera pom\u00e1hat rodi\u010d\u016fm a nemohl j\u00edt za kamar\u00e1dy, je mo\u017en\u00e9, \u017ee se na n\u011bj vyka\u0161lali a tak dan\u00fd mu\u017e nem\u00e1 skoro \u017e\u00e1dn\u00e9 p\u0159\u00e1tele.Pokud ale m\u00e1 mu\u017e to \u0161t\u011bst\u00ed a m\u00e1 naprosto skv\u011bl\u00e9 kamar\u00e1dy, na kter\u00e9 se m\u016f\u017ee spolehnout, ur\u010dit\u011b velmi r\u00e1d pl\u00e1nuje r\u016fzn\u00e9 akce, na kter\u00fdch si s\u00a0kamar\u00e1dy d\u00e1 n\u011bco dobr\u00e9ho a to a\u0165 u\u017e k\u00a0j\u00eddlu nebo k\u00a0pit\u00ed a spole\u010dn\u011b si mohou popov\u00eddat o v\u011bcech a ud\u00e1lostech, kter\u00e9 se za ur\u010ditou dobu staly.Nemyslete si, \u017ee by mu\u017esk\u00e9 oslavy byly stejn\u00e9, jako ty \u017eensk\u00e9. U p\u00e1n\u016f je tomu trochu jinak. Jin\u00e9 je to jak v\u00a0p\u0159\u00edpad\u011b j\u00eddla, pit\u00ed a tak\u00e9 z\u00e1bavy.Pokud jste n\u011bkdy byli na mu\u017esk\u00e9 oslav\u011b narozenin, pak jist\u011b v\u00edte, jak n\u011bco takov\u00e9ho prob\u00edh\u00e1. Mu\u017ei si nenechaj\u00ed \u017e\u00e1dnou z\u00e1bavu uniknout.\u00a0Jestli\u017ee je na v\u00e1s, abyste p\u0159ipravili mu\u017eskou oslavu, pak v\u011b\u0159te, \u017ee to jist\u011b s\u00a0men\u0161\u00ed pomoc\u00ed zvl\u00e1dnete. Pokud je ale n\u011bco, co nen\u00ed dobr\u00e9 p\u0159eh\u00e1n\u011bt, jsou to dekorace. Mu\u017ei si na n\u011bco takov\u00e9ho p\u0159\u00edli\u0161 nepotrp\u00ed, tak\u017ee rad\u011bji na bal\u00f3nky zapome\u0148te.\u00a0Nejlep\u0161\u00ed bude zeptat se dan\u00e9ho mu\u017ee, jak by si takovou oslavu p\u0159edstavoval, aby z\u00a0n\u00ed m\u011bl radost, ale m\u016f\u017ee se klidn\u011b st\u00e1t, \u017ee v\u00e1m mu\u017e \u0159ekne, \u017ee je to v\u0161echno na v\u00e1s. Bude to t\u011b\u017ek\u00fd \u00fakol, ale jist\u011b v\u0161e zvl\u00e1dnete nachystat tak, aby to bylo perfektn\u00ed.                                                                                                                                                                                                                                                                                                                                                                                        4\/5 - (10 votes)        "},{"@context":"https:\/\/schema.org\/","@type":"BreadcrumbList","itemListElement":[{"@type":"ListItem","position":1,"name":"Mu\u017ei a oslavy narozenin","item":"https:\/\/www.abeso.cz\/muzi-a-oslavy-narozenin\/#breadcrumbitem"}]}]