[{"@context":"https:\/\/schema.org\/","@type":"Article","@id":"https:\/\/www.abeso.cz\/motylek-se-znovu-stava-modnim-trendem\/#Article","mainEntityOfPage":"https:\/\/www.abeso.cz\/motylek-se-znovu-stava-modnim-trendem\/","headline":"Mot\u00fdlek se znovu st\u00e1v\u00e1 m\u00f3dn\u00edm trendem","name":"Mot\u00fdlek se znovu st\u00e1v\u00e1 m\u00f3dn\u00edm trendem","description":"No\u0161en\u00ed mot\u00fdlku jako spole\u010densk\u00e9ho m\u00f3dn\u00edho dopl\u0148ku m\u00e1 ji\u017e \u010dty\u0159setletou tradici. Form\u00e1ln\u011b jej lze nosit p\u0159i ka\u017ed\u00e9 p\u0159\u00edle\u017eitosti, kdy lze pou\u017e\u00edt","datePublished":"2018-03-02","dateModified":"2023-05-05","author":{"@type":"Person","@id":"https:\/\/www.abeso.cz\/author\/#Person","name":"abeso.cz","url":"https:\/\/www.abeso.cz\/author\/","identifier":1,"image":{"@type":"ImageObject","@id":"https:\/\/secure.gravatar.com\/avatar\/32bc2d377216483c132a3bbf038b8838926e0616f1b3d0e9cb50d997f0b052ba?s=96&d=mm&r=g","url":"https:\/\/secure.gravatar.com\/avatar\/32bc2d377216483c132a3bbf038b8838926e0616f1b3d0e9cb50d997f0b052ba?s=96&d=mm&r=g","height":96,"width":96}},"publisher":{"@type":"Organization","name":"abeso.cz","logo":{"@type":"ImageObject","@id":"\/logo.png","url":"\/logo.png","width":600,"height":60}},"image":{"@type":"ImageObject","@id":"https:\/\/www.abeso.cz\/wp-content\/uploads\/img_a314426_w2415_t1525289024.jpg","url":"https:\/\/www.abeso.cz\/wp-content\/uploads\/img_a314426_w2415_t1525289024.jpg","height":0,"width":0},"url":"https:\/\/www.abeso.cz\/motylek-se-znovu-stava-modnim-trendem\/","about":["Mu\u017ei"],"wordCount":414,"articleBody":"\tNo\u0161en\u00ed mot\u00fdlku jako spole\u010densk\u00e9ho m\u00f3dn\u00edho dopl\u0148ku m\u00e1 ji\u017e \u010dty\u0159setletou tradici. Form\u00e1ln\u011b jej lze nosit p\u0159i ka\u017ed\u00e9 p\u0159\u00edle\u017eitosti, kdy lze pou\u017e\u00edt kravatu. Praxe byla v&nbsp;posledn\u00edch desetilet\u00edch jin\u00e1, proto\u017ee si mu\u017ei v\u00edce obl\u00edbili del\u0161\u00ed variantu ozdoby pod krkem. Nov\u00e9 trendy v\u0161ak ukazuj\u00ed, \u017ee se tento kousek od\u011bvu znovu dost\u00e1v\u00e1 do kurzu, a to d\u00edky jeho d\u0159ev\u011bn\u00e9 variant\u011b.\t\tSou\u010dasnost\tUvoln\u011bn\u011bj\u0161\u00ed spole\u010densk\u00e1 etiketa zap\u0159\u00ed\u010dinila \u00fastup t\u011bchto dopl\u0148k\u016f zejm\u00e9na v&nbsp;pracovn\u00edm prost\u0159ed\u00ed. Mu\u017ei si \u010dasto vysta\u010d\u00ed s&nbsp;ko\u0161il\u00ed. Pr\u00e1vn\u00edci a vysoce postaven\u00ed mana\u017ee\u0159i a \u0159editel\u00e9 up\u0159ednost\u0148uj\u00ed kravaty. Mot\u00fdlek je obl\u00edben\u00fd zejm\u00e9na v&nbsp;akademick\u00e9m prost\u0159ed\u00ed a tak\u00e9 p\u0159i kulturn\u00edch p\u0159\u00edle\u017eitostech, jak\u00fdmi jsou nap\u0159\u00edklad plesy nebo vernis\u00e1\u017ee. P\u0159edepsan\u00fd je pak u frak\u016f a smoking\u016f. Obl\u00edben\u011bj\u0161\u00ed je tak\u00e9 sp\u00ed\u0161e u star\u0161\u00edch mu\u017e\u016f.\tJak\u00fd zvolit druh\tVzhledem k&nbsp;problemati\u010dnosti uv\u00e1z\u00e1n\u00ed, je tato varianta m\u00e9n\u011b pou\u017e\u00edvan\u00e1. Mu\u017ei rad\u011bji vol\u00ed p\u0159edv\u00e1zan\u00e9 varianty, kter\u00e9 jsou opat\u0159eny u\u0161it\u00fdm uzlem a jsou p\u0159ipevn\u011bn\u00e9 na p\u00e1sku, kter\u00fd se obep\u00edn\u00e1 kolem l\u00edmce ko\u0161ile. Neuvol\u0148uje se, nerozvazuje a p\u011bkn\u011b dr\u017e\u00ed tvar.\tNejnov\u011bj\u0161\u00ed m\u00f3dn\u00ed trend je d\u0159ev\u011bn\u00fd kousek. Takov\u00fd dopln\u011bk lze pou\u017e\u00edt i k&nbsp;le\u017e\u00e9rn\u011bj\u0161\u00ed variant\u011b obleku, p\u0159\u00edpadn\u011b i k &bdquo;smart casual&ldquo; oble\u010den\u00ed. D\u0159ev\u011bn\u00e1 ozdoba je obl\u00edbena p\u0159edev\u0161\u00edm u mlad\u00fdch mu\u017e\u016f \u010di u p\u00e1n\u016f, kte\u0159\u00ed cht\u011bj\u00ed p\u016fsobit m\u00edrn\u011b extravagantn\u011b T\u00edmto zp\u016fsobem se znovu vrac\u00ed do trend\u016f sou\u010dasn\u00e9 m\u00f3dy.\t\tHistorie\tObecn\u011b zn\u00e1m\u00fdm faktem je, \u017ee v\u011bt\u0161ina m\u00f3dn\u00edch z\u00e1le\u017eitost\u00ed poch\u00e1z\u00ed z&nbsp;Francie. Mot\u00fdlky se poprv\u00e9 za\u010daly nosit v&nbsp;17. stolet\u00ed na dvo\u0159e francouzsk\u00e9ho kr\u00e1le. Stejn\u011b tak i kravaty. Vznik kravaty je spjat s&nbsp;pobytem chorvatsk\u00fdch husar\u016f ve Francii. Tito mu\u017ei si kolem l\u00edmc\u016f sv\u00fdch ko\u0161il\u00ed omot\u00e1vali \u0161\u00e1tky, jejich\u017e c\u00edpy voln\u011b visely na hrudi. To Francouze zaujalo a jejich n\u00e1podobou vznikla kravata. Usuzuje se, \u017ee mal\u00e1 ma\u0161le pod krkem vznikla podle stejn\u00e9ho vzoru.                                                                                                                                                                                                                                                                                                                                                                                        3.3\/5 - (7 votes)        "},{"@context":"https:\/\/schema.org\/","@type":"BreadcrumbList","itemListElement":[{"@type":"ListItem","position":1,"name":"Mot\u00fdlek se znovu st\u00e1v\u00e1 m\u00f3dn\u00edm trendem","item":"https:\/\/www.abeso.cz\/motylek-se-znovu-stava-modnim-trendem\/#breadcrumbitem"}]}]