[{"@context":"https:\/\/schema.org\/","@type":"Article","@id":"https:\/\/www.abeso.cz\/drzet-se-o-dovolene-za-rucicku\/#Article","mainEntityOfPage":"https:\/\/www.abeso.cz\/drzet-se-o-dovolene-za-rucicku\/","headline":"Dr\u017eet se o dovolen\u00e9 za ru\u010di\u010dku?","name":"Dr\u017eet se o dovolen\u00e9 za ru\u010di\u010dku?","description":"O dovolen\u00e9 sn\u016f maj\u00ed v\u0161ichni tak trochu jin\u00e9 p\u0159edstavy. Jinak si p\u0159estavuje dokonalou dovolenou mal\u00e9 d\u00edt\u011b, jinak mladistv\u00fd, jinak lid\u00e9","datePublished":"2019-05-16","dateModified":"2023-05-05","author":{"@type":"Person","@id":"https:\/\/www.abeso.cz\/author\/#Person","name":"abeso.cz","url":"https:\/\/www.abeso.cz\/author\/","identifier":1,"image":{"@type":"ImageObject","@id":"https:\/\/secure.gravatar.com\/avatar\/32bc2d377216483c132a3bbf038b8838926e0616f1b3d0e9cb50d997f0b052ba?s=96&d=mm&r=g","url":"https:\/\/secure.gravatar.com\/avatar\/32bc2d377216483c132a3bbf038b8838926e0616f1b3d0e9cb50d997f0b052ba?s=96&d=mm&r=g","height":96,"width":96}},"publisher":{"@type":"Organization","name":"abeso.cz","logo":{"@type":"ImageObject","@id":"\/logo.png","url":"\/logo.png","width":600,"height":60}},"image":{"@type":"ImageObject","@id":"https:\/\/www.abeso.cz\/wp-content\/uploads\/img_a344849_w2451_t1558637273.jpg","url":"https:\/\/www.abeso.cz\/wp-content\/uploads\/img_a344849_w2451_t1558637273.jpg","height":0,"width":0},"url":"https:\/\/www.abeso.cz\/drzet-se-o-dovolene-za-rucicku\/","about":["Dovolen\u00e1"],"wordCount":415,"articleBody":"O dovolen\u00e9 sn\u016f maj\u00ed v\u0161ichni tak trochu jin\u00e9 p\u0159edstavy. Jinak si p\u0159estavuje dokonalou dovolenou mal\u00e9 d\u00edt\u011b, jinak mladistv\u00fd, jinak lid\u00e9 v&nbsp;produktivn\u00edm v\u011bku a jinak senio\u0159i. A tak\u00e9 se jist\u011b najdou odli\u0161n\u00e9 p\u0159edstavy o tom, jak by si dovolenou p\u0159\u00e1la str\u00e1vit \u017eena a jak mu\u017e. P\u0159edstavy se mohou diametr\u00e1ln\u011b odli\u0161ovat a je docela mo\u017en\u00e9, \u017ee m\u00edsto dovolen\u00e9 sn\u016f pro\u017eij\u00ed partne\u0159i peklo na zemi.Napadlo V\u00e1s n\u011bkdy, \u017ee byste t\u0159eba vyrazili na dovolenou s\u00e1m a partnerku nechali doma? Zn\u00ed to jako kac\u00ed\u0159stv\u00ed a jako rouh\u00e1n\u00ed? No v\u0161ak partnerka by mohla jet zase sama s&nbsp;kamar\u00e1dkami. Vy byste t\u0159eba mohl vyrazit do Slovinska zdol\u00e1vat sk\u00e1ly a ona by mohla vyrazit s&nbsp;kamar\u00e1dkami nebo m\u00e1mou a sestrou do \u0160pan\u011blska k&nbsp;mo\u0159i. Oba byste byli maxim\u00e1ln\u011b spokojeni. A p\u0159\u00ed\u0161t\u00ed m\u011bs\u00edc byste razili je\u0161t\u011b na jednu dovolenou spole\u010dn\u011b t\u0159eba do Krkono\u0161. Ano, je to n\u00e1kladn\u011bj\u0161\u00ed \u0159e\u0161en\u00ed a vy\u017eaduje tak\u00e9 v\u00edce dn\u00ed dovolen\u00e9 (ne nutn\u011b, pokud pl\u00e1novan\u00fdch \u010dtrn\u00e1ct dn\u00ed rozd\u011bl\u00edte na t\u00fdden a t\u00fdden), ale kone\u010dn\u00fd v\u00fdsledek stoj\u00ed za to.Ne snad, \u017ee bychom cht\u011bli nav\u00e1d\u011bt k&nbsp;tomu, abyste jako p\u00e1r nejezdili na dovolenou, ale pokud to jen trochu jde, ur\u010dit\u011b je dobr\u00e9 \u010das od \u010dasu podpo\u0159it toho druh\u00e9ho, aby si s&nbsp;dovolenou nalo\u017eil podle sv\u00e9ho. Samoz\u0159ejm\u011b za p\u0159edpokladu, \u017ee si to m\u016f\u017eete dovolit. Tedy po finan\u010dn\u00ed i \u010dasov\u00e9 str\u00e1nce. Ur\u010dit\u011b nap\u0159\u00edklad nen\u00ed vhodn\u00e9 vyrazit s&nbsp;kamar\u00e1dy na vodu, kdy\u017e Va\u0161e man\u017eelka pr\u00e1v\u011b porodila Va\u0161eho potomka.Tolerance mezi partnery se toti\u017e projevuje tak\u00e9 v&nbsp;tomto ohledu a projevit toleranci pr\u00e1v\u011b zde je tak\u00e9 velmi obt\u00ed\u017en\u00e9, proto\u017ee je to dost citliv\u00e9 t\u00e9ma. Zkusili jste se u\u017e na toto t\u00e9ma alespo\u0148 n\u011bkdy zamyslet? Pokud ne, tak na to m\u00e1te ten nejvy\u0161\u0161\u00ed \u010das. Uv\u011bdomit si, \u017ee na dovolen\u00e9 nejste povinni se s&nbsp;partnerem dr\u017eet po celou dobu za ru\u010di\u010dku, ale m\u00e1te pr\u00e1vo oba dva si \u010das od \u010dasu u\u017e\u00edt \u010das podle sv\u00fdch preferenc\u00ed, nen\u00ed rozhodn\u011b pro jednoho z&nbsp;p\u00e1ru \u00fapln\u011b snadn\u00e9.                                                                                                                                                                                                                                                                                                                                                                                        4.2\/5 - (12 votes)        "},{"@context":"https:\/\/schema.org\/","@type":"BreadcrumbList","itemListElement":[{"@type":"ListItem","position":1,"name":"Dr\u017eet se o dovolen\u00e9 za ru\u010di\u010dku?","item":"https:\/\/www.abeso.cz\/drzet-se-o-dovolene-za-rucicku\/#breadcrumbitem"}]}]