{"@context":"https:\/\/schema.org\/","@type":"CollectionPage","@id":"https:\/\/www.abeso.cz\/deti\/#CollectionPage","headline":"D\u011bti Category","description":"","url":"https:\/\/www.abeso.cz\/deti\/","hasPart":[{"@type":"Article","@id":"https:\/\/www.abeso.cz\/prisel-cas-kdy-ptacek-vyleti-z-hnizda\/","headline":"P\u0159i\u0161el \u010das, kdy pt\u00e1\u010dek vylet\u00ed z hn\u00edzda","url":"https:\/\/www.abeso.cz\/prisel-cas-kdy-ptacek-vyleti-z-hnizda\/","datePublished":"2023-05-05","dateModified":"2023-05-05","mainEntityOfPage":"https:\/\/www.abeso.cz\/prisel-cas-kdy-ptacek-vyleti-z-hnizda\/","author":{"@type":"Person","@id":"https:\/\/www.abeso.cz\/author\/#Person","name":"abeso.cz","url":"https:\/\/www.abeso.cz\/author\/","identifier":1,"image":{"@type":"ImageObject","@id":"https:\/\/secure.gravatar.com\/avatar\/32bc2d377216483c132a3bbf038b8838926e0616f1b3d0e9cb50d997f0b052ba?s=96&d=mm&r=g","url":"https:\/\/secure.gravatar.com\/avatar\/32bc2d377216483c132a3bbf038b8838926e0616f1b3d0e9cb50d997f0b052ba?s=96&d=mm&r=g","height":96,"width":96}},"publisher":{"@type":"Organization","name":"abeso.cz","logo":{"@type":"ImageObject","@id":"\/logo.png","url":"\/logo.png","width":600,"height":60}},"image":{"@type":"ImageObject","@id":"https:\/\/www.abeso.cz\/wp-content\/uploads\/img_a328488_w2451_t1540737549.jpg","url":"https:\/\/www.abeso.cz\/wp-content\/uploads\/img_a328488_w2451_t1540737549.jpg","height":0,"width":0},"keywords":null},{"@type":"Article","@id":"https:\/\/www.abeso.cz\/zavdecite-se-i-nejvetsim-nejedlikum\/","headline":"Zavd\u011b\u010d\u00edte se i nejv\u011bt\u0161\u00edm nejedl\u00edk\u016fm","url":"https:\/\/www.abeso.cz\/zavdecite-se-i-nejvetsim-nejedlikum\/","datePublished":"2023-05-05","dateModified":"2023-05-05","mainEntityOfPage":"https:\/\/www.abeso.cz\/zavdecite-se-i-nejvetsim-nejedlikum\/","author":{"@type":"Person","@id":"https:\/\/www.abeso.cz\/author\/#Person","name":"abeso.cz","url":"https:\/\/www.abeso.cz\/author\/","identifier":1,"image":{"@type":"ImageObject","@id":"https:\/\/secure.gravatar.com\/avatar\/32bc2d377216483c132a3bbf038b8838926e0616f1b3d0e9cb50d997f0b052ba?s=96&d=mm&r=g","url":"https:\/\/secure.gravatar.com\/avatar\/32bc2d377216483c132a3bbf038b8838926e0616f1b3d0e9cb50d997f0b052ba?s=96&d=mm&r=g","height":96,"width":96}},"publisher":{"@type":"Organization","name":"abeso.cz","logo":{"@type":"ImageObject","@id":"\/logo.png","url":"\/logo.png","width":600,"height":60}},"image":{"@type":"ImageObject","@id":"https:\/\/www.abeso.cz\/wp-content\/uploads\/img_a307648_w2451_t1518902540.jpg","url":"https:\/\/www.abeso.cz\/wp-content\/uploads\/img_a307648_w2451_t1518902540.jpg","height":0,"width":0},"keywords":null},{"@type":"Article","@id":"https:\/\/www.abeso.cz\/modni-kabelky\/","headline":"M\u00f3dn\u00ed kabelky","url":"https:\/\/www.abeso.cz\/modni-kabelky\/","datePublished":"2017-12-19","dateModified":"2023-05-05","mainEntityOfPage":"https:\/\/www.abeso.cz\/modni-kabelky\/","author":{"@type":"Person","@id":"https:\/\/www.abeso.cz\/author\/#Person","name":"abeso.cz","url":"https:\/\/www.abeso.cz\/author\/","identifier":1,"image":{"@type":"ImageObject","@id":"https:\/\/secure.gravatar.com\/avatar\/32bc2d377216483c132a3bbf038b8838926e0616f1b3d0e9cb50d997f0b052ba?s=96&d=mm&r=g","url":"https:\/\/secure.gravatar.com\/avatar\/32bc2d377216483c132a3bbf038b8838926e0616f1b3d0e9cb50d997f0b052ba?s=96&d=mm&r=g","height":96,"width":96}},"publisher":{"@type":"Organization","name":"abeso.cz","logo":{"@type":"ImageObject","@id":"\/logo.png","url":"\/logo.png","width":600,"height":60}},"image":{"@type":"ImageObject","@id":"https:\/\/www.abeso.cz\/wp-content\/uploads\/img_a315789_w2445_t1526671631.jpg","url":"https:\/\/www.abeso.cz\/wp-content\/uploads\/img_a315789_w2445_t1526671631.jpg","height":0,"width":0},"keywords":null}]}